{"id":8320,"date":"2024-06-20T12:34:23","date_gmt":"2024-06-20T10:34:23","guid":{"rendered":"https:\/\/abk.wspa.pl\/?p=8320"},"modified":"2024-06-20T12:34:23","modified_gmt":"2024-06-20T10:34:23","slug":"rekrutacja-do-11-edycji-akademii-liderow-ochrony-zdrowia","status":"publish","type":"post","link":"https:\/\/abk.wspa.pl\/index.php\/pl\/2024\/06\/20\/rekrutacja-do-11-edycji-akademii-liderow-ochrony-zdrowia\/","title":{"rendered":"Rekrutacja do 11 edycji Akademii Lider\u00f3w Ochrony Zdrowia"},"content":{"rendered":"<p>Akademia Lider\u00f3w Ochrony Zdrowia to <u>bezp\u0142atnym program rozwojowo-edukacyjny skierowanym do student\u00f3w i absolwent\u00f3w uczelni wy\u017cszych, kt\u00f3rzy nie uko\u0144czyli 30 roku \u017cycia i interesuj\u0105 si\u0119 systemem ochrony zdrowia<\/u>.<\/p>\n<p>Akademia jest miejscem wymiany wiedzy i do\u015bwiadcze\u0144 pomi\u0119dzy przedstawicielami sektora prywatnego i instytucji publicznych. To r\u00f3wnie\u017c mo\u017cliwo\u015b\u0107 na wzmocnienie kompetencji mi\u0119kkich poprzez rozwijanie umiej\u0119tno\u015bci pracy w interdyscyplinarnych zespo\u0142ach oraz warsztaty leadershipu. Dzi\u0119ki udzia\u0142owi w programie Uczestnicy mog\u0105 zyska\u0107 szans\u0119 na zdobycie p\u0142atnego sta\u017cu lub pracy w jednej z firm partnerskich.<\/p>\n<p>Celem programu jest stworzenie platformy kszta\u0142cenia talent\u00f3w, przysz\u0142ych lider\u00f3w, posiadaj\u0105cych <strong>szerokie zrozumienie sektora healthcare<\/strong> i jego wsp\u00f3\u0142zale\u017cno\u015bci, otwartych na innowacje i ch\u0119tnych rozwi\u0105zywa\u0107 wyzwania w ochronie zdrowia, kt\u00f3rzy wespr\u0105 rozw\u00f3j, transformacj\u0119 i budowanie nowej jako\u015bci ochrony zdrowia. \u26a1\ufe0f<\/p>\n<p>Zg\u0142oszenia \u00a0zbieramy do 24 lipca. Aby do\u0142\u0105czy\u0107 do ALOZ wystarczy wype\u0142ni\u0107 formularz zg\u0142oszeniowy, a nast\u0119pnie przej\u015b\u0107 pozytywnie rozmow\u0119 rekrutacyjn\u0105.<\/p>\n<p>Formularz rejestracyjny:<a href=\"https:\/\/cutt.ly\/jw8hGAB0?fbclid=IwAR0nhE3b9tYLNyjaJSTbOYfbIQVFutWqXwU9E7gOFdNe-N-JRl9USfoCSeI_aem_AfbOgyLJVUy_WD3LgZon5qNp_KMxDRlb2Qk45Q-AafZv0KB5KIcqjczm6tZVUGpyOpx6q6WPIloixlrowaYXhEiC\"> https:\/\/forms.gle\/a3zRP58Gg2SwL89E8<\/a><\/p>\n<p>Wi\u0119cej informacji o programie: <a href=\"https:\/\/paga.org.pl\/akademia-liderow-ochrony-zdrowia\/\">https:\/\/paga.org.pl\/akademia-liderow-ochrony-zdrowia\/<\/a><\/p>\n","protected":false},"excerpt":{"rendered":"<p>Akademia Lider\u00f3w Ochrony Zdrowia to bezp\u0142atnym program rozwojowo-edukacyjny skierowanym do student\u00f3w i absolwent\u00f3w uczelni wy\u017cszych, kt\u00f3rzy nie uko\u0144czyli 30 roku \u017cycia i interesuj\u0105 si\u0119 systemem ochrony zdrowia. Akademia jest miejscem wymiany wiedzy i do\u015bwiadcze\u0144 pomi\u0119dzy przedstawicielami sektora prywatnego i instytucji publicznych. To r\u00f3wnie\u017c mo\u017cliwo\u015b\u0107 na wzmocnienie kompetencji mi\u0119kkich poprzez rozwijanie umiej\u0119tno\u015bci pracy w interdyscyplinarnych zespo\u0142ach [&hellip;]<\/p>\n","protected":false},"author":3,"featured_media":0,"comment_status":"open","ping_status":"open","sticky":false,"template":"","format":"standard","meta":{"footnotes":"","_links_to":"","_links_to_target":""},"categories":[5,63],"tags":[],"_links":{"self":[{"href":"https:\/\/abk.wspa.pl\/index.php\/wp-json\/wp\/v2\/posts\/8320"}],"collection":[{"href":"https:\/\/abk.wspa.pl\/index.php\/wp-json\/wp\/v2\/posts"}],"about":[{"href":"https:\/\/abk.wspa.pl\/index.php\/wp-json\/wp\/v2\/types\/post"}],"author":[{"embeddable":true,"href":"https:\/\/abk.wspa.pl\/index.php\/wp-json\/wp\/v2\/users\/3"}],"replies":[{"embeddable":true,"href":"https:\/\/abk.wspa.pl\/index.php\/wp-json\/wp\/v2\/comments?post=8320"}],"version-history":[{"count":1,"href":"https:\/\/abk.wspa.pl\/index.php\/wp-json\/wp\/v2\/posts\/8320\/revisions"}],"predecessor-version":[{"id":8321,"href":"https:\/\/abk.wspa.pl\/index.php\/wp-json\/wp\/v2\/posts\/8320\/revisions\/8321"}],"wp:attachment":[{"href":"https:\/\/abk.wspa.pl\/index.php\/wp-json\/wp\/v2\/media?parent=8320"}],"wp:term":[{"taxonomy":"category","embeddable":true,"href":"https:\/\/abk.wspa.pl\/index.php\/wp-json\/wp\/v2\/categories?post=8320"},{"taxonomy":"post_tag","embeddable":true,"href":"https:\/\/abk.wspa.pl\/index.php\/wp-json\/wp\/v2\/tags?post=8320"}],"curies":[{"name":"wp","href":"https:\/\/api.w.org\/{rel}","templated":true}]}}