{"id":10078,"date":"2026-09-03T15:13:14","date_gmt":"2026-09-03T13:13:14","guid":{"rendered":"https:\/\/abk.wspa.pl\/?p=10078"},"modified":"2026-09-03T15:55:02","modified_gmt":"2026-09-03T13:55:02","slug":"lokalne-targi-pracy-w-lublinie-9-wrzesnia-2026","status":"publish","type":"post","link":"https:\/\/abk.wspa.pl\/index.php\/pl\/2026\/09\/03\/lokalne-targi-pracy-w-lublinie-9-wrzesnia-2026\/","title":{"rendered":"Lokalne Targi Pracy w Lublinie, 9 wrze\u015bnia 2026"},"content":{"rendered":"\n<p class=\"wp-block-paragraph\">9 wrze\u015bnia 2026 roku (\u015broda), w godzinach 10:00-14:00, w O\u015brodku Sportowo-Rekreacyjnym Icemania przy Al. Zygmuntowskich 4 w Lublinie odb\u0119dzie si\u0119 kolejna edycja <strong>Lokalnych Targ\u00f3w Pracy<\/strong>. Wydarzenie organizuj\u0105 Miejski Urz\u0105d Pracy w Lublinie oraz Centrum Pomocy Migrantom i Uchod\u017acom Caritas Archidiecezji Lubelskiej, przy wsparciu UNHCR. Wst\u0119p jest wolny.<\/p>\n\n\n\n<p class=\"wp-block-paragraph\">Podczas targ\u00f3w studenci i absolwenci b\u0119d\u0105 mogli spotka\u0107 si\u0119 bezpo\u015brednio z lokalnymi pracodawcami, porozmawia\u0107 z doradcami zawodowymi, zapozna\u0107 si\u0119 z aktualnymi ofertami pracy, sta\u017cy i praktyk, a tak\u017ce skorzysta\u0107 z pomocy przy przygotowaniu dokument\u00f3w aplikacyjnych i wydrukowa\u0107 CV na miejscu. To dobra okazja szczeg\u00f3lnie dla os\u00f3b ko\u0144cz\u0105cych studia lub szukaj\u0105cych pierwszego do\u015bwiadczenia zawodowego.<\/p>\n\n\n\n<p class=\"wp-block-paragraph\"><\/p>\n\n\n\n<figure class=\"wp-block-image size-large\"><img loading=\"lazy\" decoding=\"async\" width=\"724\" height=\"1024\" src=\"https:\/\/abk.wspa.pl\/wp-content\/uploads\/2026\/09\/Lokalne-Targi-Pracy-plakat-724x1024.png\" alt=\"\" class=\"wp-image-10079\" srcset=\"https:\/\/abk.wspa.pl\/wp-content\/uploads\/2026\/09\/Lokalne-Targi-Pracy-plakat-724x1024.png 724w, https:\/\/abk.wspa.pl\/wp-content\/uploads\/2026\/09\/Lokalne-Targi-Pracy-plakat-212x300.png 212w, https:\/\/abk.wspa.pl\/wp-content\/uploads\/2026\/09\/Lokalne-Targi-Pracy-plakat-768x1086.png 768w, https:\/\/abk.wspa.pl\/wp-content\/uploads\/2026\/09\/Lokalne-Targi-Pracy-plakat-1086x1536.png 1086w, https:\/\/abk.wspa.pl\/wp-content\/uploads\/2026\/09\/Lokalne-Targi-Pracy-plakat-1448x2048.png 1448w, https:\/\/abk.wspa.pl\/wp-content\/uploads\/2026\/09\/Lokalne-Targi-Pracy-plakat-1080x1528.png 1080w, https:\/\/abk.wspa.pl\/wp-content\/uploads\/2026\/09\/Lokalne-Targi-Pracy-plakat.png 1587w\" sizes=\"auto, (max-width: 724px) 100vw, 724px\" \/><\/figure>\n","protected":false},"excerpt":{"rendered":"<p>9 wrze\u015bnia 2026 roku (\u015broda), w godzinach 10:00-14:00, w O\u015brodku Sportowo-Rekreacyjnym Icemania przy Al. Zygmuntowskich 4 w Lublinie odb\u0119dzie si\u0119 kolejna edycja Lokalnych Targ\u00f3w Pracy. Wydarzenie organizuj\u0105 Miejski Urz\u0105d Pracy w Lublinie oraz Centrum Pomocy Migrantom i Uchod\u017acom Caritas Archidiecezji Lubelskiej, przy wsparciu UNHCR. Wst\u0119p jest wolny. Podczas targ\u00f3w studenci i absolwenci b\u0119d\u0105 mogli spotka\u0107 [&hellip;]<\/p>\n","protected":false},"author":3,"featured_media":0,"comment_status":"closed","ping_status":"open","sticky":false,"template":"","format":"standard","meta":{"footnotes":"","_links_to":"","_links_to_target":""},"categories":[5],"tags":[],"class_list":["post-10078","post","type-post","status-publish","format-standard","hentry","category-aktualnosci-pl"],"_links":{"self":[{"href":"https:\/\/abk.wspa.pl\/index.php\/wp-json\/wp\/v2\/posts\/10078","targetHints":{"allow":["GET"]}}],"collection":[{"href":"https:\/\/abk.wspa.pl\/index.php\/wp-json\/wp\/v2\/posts"}],"about":[{"href":"https:\/\/abk.wspa.pl\/index.php\/wp-json\/wp\/v2\/types\/post"}],"author":[{"embeddable":true,"href":"https:\/\/abk.wspa.pl\/index.php\/wp-json\/wp\/v2\/users\/3"}],"replies":[{"embeddable":true,"href":"https:\/\/abk.wspa.pl\/index.php\/wp-json\/wp\/v2\/comments?post=10078"}],"version-history":[{"count":2,"href":"https:\/\/abk.wspa.pl\/index.php\/wp-json\/wp\/v2\/posts\/10078\/revisions"}],"predecessor-version":[{"id":10081,"href":"https:\/\/abk.wspa.pl\/index.php\/wp-json\/wp\/v2\/posts\/10078\/revisions\/10081"}],"wp:attachment":[{"href":"https:\/\/abk.wspa.pl\/index.php\/wp-json\/wp\/v2\/media?parent=10078"}],"wp:term":[{"taxonomy":"category","embeddable":true,"href":"https:\/\/abk.wspa.pl\/index.php\/wp-json\/wp\/v2\/categories?post=10078"},{"taxonomy":"post_tag","embeddable":true,"href":"https:\/\/abk.wspa.pl\/index.php\/wp-json\/wp\/v2\/tags?post=10078"}],"curies":[{"name":"wp","href":"https:\/\/api.w.org\/{rel}","templated":true}]}}